{"id":15531,"date":"2021-02-16T18:36:23","date_gmt":"2021-02-16T17:36:23","guid":{"rendered":"https:\/\/www.incomsa.ch\/nastri-adesivi-da-imballaggio\/"},"modified":"2023-02-28T16:23:37","modified_gmt":"2023-02-28T15:23:37","slug":"verpackungsklebebaender","status":"publish","type":"post","link":"https:\/\/www.incomsa.ch\/de\/verpackungsklebebaender\/","title":{"rendered":"VERPACKUNGSKLEBEB\u00c4NDER"},"content":{"rendered":"<p><div class=\"fusion-fullwidth fullwidth-box fusion-builder-row-1 fusion-flex-container nonhundred-percent-fullwidth non-hundred-percent-height-scrolling\" style=\"--awb-border-radius-top-left:0px;--awb-border-radius-top-right:0px;--awb-border-radius-bottom-right:0px;--awb-border-radius-bottom-left:0px;--awb-flex-wrap:wrap;\" ><div class=\"fusion-builder-row fusion-row fusion-flex-align-items-flex-start fusion-flex-content-wrap\" style=\"max-width:1144px;margin-left: calc(-4% \/ 2 );margin-right: calc(-4% \/ 2 );\"><div class=\"fusion-layout-column fusion_builder_column fusion-builder-column-0 fusion_builder_column_1_2 1_2 fusion-flex-column\" style=\"--awb-bg-size:cover;--awb-width-large:50%;--awb-margin-top-large:0px;--awb-spacing-right-large:3.84%;--awb-margin-bottom-large:20px;--awb-spacing-left-large:3.84%;--awb-width-medium:100%;--awb-order-medium:0;--awb-spacing-right-medium:1.92%;--awb-spacing-left-medium:1.92%;--awb-width-small:100%;--awb-order-small:0;--awb-spacing-right-small:1.92%;--awb-spacing-left-small:1.92%;\"><div class=\"fusion-column-wrapper fusion-column-has-shadow fusion-flex-justify-content-flex-start fusion-content-layout-column\"><div class=\"fusion-text fusion-text-1\"><h1 style=\"text-align: left;\">VERPACKUNGSKLEBEB\u00c4NDER<\/h1>\n<\/div><div class=\"fusion-text fusion-text-2\"><h2>Qualit\u00e4tsklebeb\u00e4nder f\u00fcr die Verpackung<\/h2>\n<p>Die Verpackung garantiert die Erhaltung Ihrer Ware, aDie Verpackung garantiert die Erhaltung Ihrer Waren in ausgezeichnetem Zustand, aus diesem Grund ist die Verwendung von hochwertigem Verpackungsband sehr wichtig.<br \/>\nZum Verschluss von leichten und schweren Verpackungen bieten wir Ihnen eine breite Auswahl von Produkten.<\/p>\n<p><strong style=\"color: #099146;\">Wir bieten Ihnen schnellen und effizienten Service <\/strong><\/p>\n<ul>\n<li>Schnelle und p\u00fcnktliche Lieferung<\/li>\n<li>Wettbewerbsf\u00e4higen Preisen<\/li>\n<li>Technische Beratung<\/li>\n<li>PKostenlose Offerte<\/li>\n<\/ul>\n<p><span style=\"color: #099146;\"><strong>Unser Unternehmen ist seit 1972 Leader im Bereich Verpackung <\/strong><\/span><\/p>\n<ul>\n<li>Hohe Qualit\u00e4tsstandards<\/li>\n<li>Verkauf von Rollen<\/li>\n<li>Sofortige Verf\u00fcgbarkeit<\/li>\n<li>Personalisierte Produkte<\/li>\n<\/ul>\n<\/div><div class=\"fusion-image-element \" style=\"--awb-caption-title-font-family:var(--h2_typography-font-family);--awb-caption-title-font-weight:var(--h2_typography-font-weight);--awb-caption-title-font-style:var(--h2_typography-font-style);--awb-caption-title-size:var(--h2_typography-font-size);--awb-caption-title-transform:var(--h2_typography-text-transform);--awb-caption-title-line-height:var(--h2_typography-line-height);--awb-caption-title-letter-spacing:var(--h2_typography-letter-spacing);\"><span class=\" fusion-imageframe imageframe-none imageframe-1 hover-type-none\"><img decoding=\"async\" width=\"1000\" height=\"667\" alt=\"NASTRI ADESIVI DA IMBALLAGGIO\" title=\"IMG_1411\" src=\"https:\/\/www.incomsa.ch\/wp-content\/uploads\/2017\/03\/IMG_1411.png\" class=\"img-responsive wp-image-3351\" srcset=\"https:\/\/www.incomsa.ch\/wp-content\/uploads\/2017\/03\/IMG_1411-200x133.png 200w, https:\/\/www.incomsa.ch\/wp-content\/uploads\/2017\/03\/IMG_1411-400x267.png 400w, https:\/\/www.incomsa.ch\/wp-content\/uploads\/2017\/03\/IMG_1411-600x400.png 600w, https:\/\/www.incomsa.ch\/wp-content\/uploads\/2017\/03\/IMG_1411-800x534.png 800w, https:\/\/www.incomsa.ch\/wp-content\/uploads\/2017\/03\/IMG_1411.png 1000w\" sizes=\"(max-width: 1024px) 100vw, (max-width: 640px) 100vw, 600px\" \/><\/span><\/div><\/div><\/div><div class=\"fusion-layout-column fusion_builder_column fusion-builder-column-1 fusion_builder_column_1_2 1_2 fusion-flex-column\" style=\"--awb-padding-top:10px;--awb-padding-right:10px;--awb-padding-bottom:10px;--awb-padding-left:10px;--awb-bg-size:cover;--awb-border-color:#099146;--awb-border-top:1px;--awb-border-right:1px;--awb-border-bottom:1px;--awb-border-left:1px;--awb-border-style:solid;--awb-width-large:50%;--awb-margin-top-large:20px;--awb-spacing-right-large:3.84%;--awb-margin-bottom-large:20px;--awb-spacing-left-large:3.84%;--awb-width-medium:100%;--awb-order-medium:0;--awb-spacing-right-medium:1.92%;--awb-spacing-left-medium:1.92%;--awb-width-small:100%;--awb-order-small:0;--awb-spacing-right-small:1.92%;--awb-spacing-left-small:1.92%;\"><div class=\"fusion-column-wrapper fusion-column-has-shadow fusion-flex-justify-content-flex-start fusion-content-layout-column\"><div class=\"fusion-text fusion-text-3\" style=\"--awb-font-size:18px;\"><h3 style=\"text-align: left;\"><span style=\"color: #099146;\">Wie k\u00f6nnen wir Ihnen helfen ?<\/span><\/h3>\n<p>Verwenden Sie f\u00fcr Anfragen oder technische Beratung zu unseren Produkten dieses Formular und geben Sie die Daten ein, mit denen Sie von unseren Experten kontaktiert werden m\u00f6chten.<\/p>\n<\/div><div class=\"fusion-text fusion-text-4\">\n<div class=\"wpcf7 no-js\" id=\"wpcf7-f15533-o1\" lang=\"de-DE\" dir=\"ltr\" data-wpcf7-id=\"15533\">\n<div class=\"screen-reader-response\"><p role=\"status\" aria-live=\"polite\" aria-atomic=\"true\"><\/p> <ul><\/ul><\/div>\n<form action=\"\/de\/wp-json\/wp\/v2\/posts\/15531#wpcf7-f15533-o1\" method=\"post\" class=\"wpcf7-form init wpcf7-acceptance-as-validation\" aria-label=\"Kontaktformular\" novalidate=\"novalidate\" data-status=\"init\">\n<fieldset class=\"hidden-fields-container\"><input type=\"hidden\" name=\"_wpcf7\" value=\"15533\" \/><input type=\"hidden\" name=\"_wpcf7_version\" value=\"6.1.5\" \/><input type=\"hidden\" name=\"_wpcf7_locale\" value=\"de_DE\" \/><input type=\"hidden\" name=\"_wpcf7_unit_tag\" value=\"wpcf7-f15533-o1\" \/><input type=\"hidden\" name=\"_wpcf7_container_post\" value=\"0\" \/><input type=\"hidden\" name=\"_wpcf7_posted_data_hash\" value=\"\" \/><input type=\"hidden\" name=\"_wpcf7_recaptcha_response\" value=\"\" \/>\n<\/fieldset>\n<p><label> Bitte geben Sie Ihren Namen ein<br \/>\n<span class=\"wpcf7-form-control-wrap\" data-name=\"your-name\"><input size=\"40\" maxlength=\"400\" class=\"wpcf7-form-control wpcf7-text wpcf7-validates-as-required\" aria-required=\"true\" aria-invalid=\"false\" value=\"\" type=\"text\" name=\"your-name\" \/><\/span> <\/label>\n<\/p>\n<p><label> Bitte geben Sie Ihre E-Mail ein<br \/>\n<span class=\"wpcf7-form-control-wrap\" data-name=\"your-email\"><input size=\"40\" maxlength=\"400\" class=\"wpcf7-form-control wpcf7-email wpcf7-validates-as-required wpcf7-text wpcf7-validates-as-email\" aria-required=\"true\" aria-invalid=\"false\" value=\"\" type=\"email\" name=\"your-email\" \/><\/span> <\/label>\n<\/p>\n<p><label> Bitte geben Sie Ihre Telefonnummer ein<br \/>\n<span class=\"wpcf7-form-control-wrap\" data-name=\"tel-6\"><input size=\"40\" maxlength=\"400\" class=\"wpcf7-form-control wpcf7-tel wpcf7-validates-as-required wpcf7-text wpcf7-validates-as-tel\" aria-required=\"true\" aria-invalid=\"false\" value=\"\" type=\"tel\" name=\"tel-6\" \/><\/span> <\/label>\n<\/p>\n<p><label> Interessiert an: <span class=\"wpcf7-form-control-wrap\" data-name=\"menu-667\"><select class=\"wpcf7-form-control wpcf7-select wpcf7-validates-as-required\" aria-required=\"true\" aria-invalid=\"false\" name=\"menu-667\"><option value=\"\">&#8211; Bitte ausw\u00e4hlen &#8211;<\/option><option value=\"kostenlose Angebot\">kostenlose Angebot<\/option><option value=\"Allgemeine Informationen\">Allgemeine Informationen<\/option><option value=\"Ich m\u00f6chte gerne von einem Fachpersonal kontaktiert werden\">Ich m\u00f6chte gerne von einem Fachpersonal kontaktiert werden<\/option><\/select><\/span><\/label>\n<\/p>\n<p><label> Ihre Nachricht (optional)<br \/>\n<span class=\"wpcf7-form-control-wrap\" data-name=\"your-message\"><textarea cols=\"40\" rows=\"10\" maxlength=\"2000\" class=\"wpcf7-form-control wpcf7-textarea\" aria-invalid=\"false\" name=\"your-message\"><\/textarea><\/span> <\/label>\n<\/p>\n<p><input class=\"wpcf7-form-control wpcf7-submit has-spinner\" type=\"submit\" value=\"Senden Sie Ihre Anfrage\" \/>\n<\/p>\n<p><span class=\"wpcf7-form-control-wrap\" data-name=\"acceptance-464\"><span class=\"wpcf7-form-control wpcf7-acceptance\"><span class=\"wpcf7-list-item\"><label><input type=\"checkbox\" name=\"acceptance-464\" value=\"1\" aria-invalid=\"false\" \/><span class=\"wpcf7-list-item-label\">Ich stimme zu und habe die Incomsa Sa-Datenschutzrichtlinie gelesen.<\/span><\/label><\/span><\/span><\/span>\n<\/p><p style=\"display: none !important;\" class=\"akismet-fields-container\" data-prefix=\"_wpcf7_ak_\"><label>&#916;<textarea name=\"_wpcf7_ak_hp_textarea\" cols=\"45\" rows=\"8\" maxlength=\"100\"><\/textarea><\/label><input type=\"hidden\" id=\"ak_js_1\" name=\"_wpcf7_ak_js\" value=\"243\"\/><script type=\"text\/javascript\">\n\/* <![CDATA[ *\/\ndocument.getElementById( \"ak_js_1\" ).setAttribute( \"value\", ( new Date() ).getTime() );\n\/* ]]> *\/\n<\/script>\n<\/p><div class=\"fusion-alert alert custom alert-custom fusion-alert-center wpcf7-response-output fusion-alert-capitalize awb-alert-native-link-color alert-dismissable awb-alert-close-boxed\" style=\"--awb-border-top-left-radius:0px;--awb-border-top-right-radius:0px;--awb-border-bottom-left-radius:0px;--awb-border-bottom-right-radius:0px;\" role=\"alert\"><div class=\"fusion-alert-content-wrapper\"><span class=\"fusion-alert-content\"><\/span><\/div><button type=\"button\" class=\"close toggle-alert\" data-dismiss=\"alert\" aria-label=\"Close\">&times;<\/button><\/div>\n<\/form>\n<\/div>\n\n<\/div><\/div><\/div><\/div><\/div><div class=\"fusion-fullwidth fullwidth-box fusion-builder-row-2 fusion-flex-container nonhundred-percent-fullwidth non-hundred-percent-height-scrolling\" style=\"--awb-border-radius-top-left:0px;--awb-border-radius-top-right:0px;--awb-border-radius-bottom-right:0px;--awb-border-radius-bottom-left:0px;--awb-flex-wrap:wrap;\" ><div class=\"fusion-builder-row fusion-row fusion-flex-align-items-flex-start fusion-flex-content-wrap\" style=\"max-width:1144px;margin-left: calc(-4% \/ 2 );margin-right: calc(-4% \/ 2 );\"><div class=\"fusion-layout-column fusion_builder_column fusion-builder-column-2 fusion_builder_column_1_2 1_2 fusion-flex-column\" style=\"--awb-bg-size:cover;--awb-width-large:50%;--awb-margin-top-large:0px;--awb-spacing-right-large:3.84%;--awb-margin-bottom-large:20px;--awb-spacing-left-large:3.84%;--awb-width-medium:100%;--awb-order-medium:0;--awb-spacing-right-medium:1.92%;--awb-spacing-left-medium:1.92%;--awb-width-small:100%;--awb-order-small:0;--awb-spacing-right-small:1.92%;--awb-spacing-left-small:1.92%;\"><div class=\"fusion-column-wrapper fusion-column-has-shadow fusion-flex-justify-content-flex-start fusion-content-layout-column\"><div class=\"fusion-text fusion-text-5\"><h2><span style=\"color: #099146;\">Sch\u00fctzen Sie Ihre Versendungen! <\/span><\/h2>\n<p>Seit 1972 ist Incomsa Marktf\u00fchrend im Verpackungssektor. Eine breite Produtkpalette f\u00fcr die Industrie, den Bausektor, das Handwerk und vieles mehr.<br \/>\nVon Stretchfolie bis Verpackungsb\u00e4nder und bestimmte hochwertige 3M Produkte.<\/p>\n<div class=\"page\" title=\"Page 1\">\n<div class=\"layoutArea\">\n<div class=\"column\">\n<h4><span style=\"color: #099146;\"><strong>VERLASSEN SIE SICH AUF FACHLEUTE !<\/strong><\/span><\/h4>\n<ul>\n<li>Bestes Preis-Leistungs-Verh\u00e4ltnis<\/li>\n<li>Versand innerhalb von 24 Stunden<\/li>\n<li>\u00dcber 2000 Verpackungsprodukte<\/li>\n<li>Pers\u00f6nliche Beratung f\u00fcr Unternehmen<\/li>\n<li>3M offizielle H\u00e4ndler<\/li>\n<li>Tesa offizielle H\u00e4ndler<\/li>\n<li>Vertrieb in der ganzen Schweiz<\/li>\n<\/ul>\n<\/div>\n<\/div>\n<\/div>\n<\/div><div class=\"fusion-separator fusion-full-width-sep\" style=\"align-self: center;margin-left: auto;margin-right: auto;margin-top:10px;margin-bottom:10px;width:100%;\"><\/div><div ><a class=\"fusion-button button-flat button-xlarge button-custom fusion-button-default button-1 fusion-button-span-yes \" style=\"--button_accent_color:#099146;--button_border_color:#099146;--button_accent_hover_color:#ffffff;--button_border_hover_color:#ffffff;--button_border_width-top:1px;--button_border_width-right:1px;--button_border_width-bottom:1px;--button_border_width-left:1px;--button_gradient_top_color:#ffffff;--button_gradient_bottom_color:#ffffff;--button_gradient_top_color_hover:#099146;--button_gradient_bottom_color_hover:#099146;\" target=\"_blank\" rel=\"noopener noreferrer\" href=\"tel:+41916052150\"><i class=\"fa-phone-alt fas awb-button__icon awb-button__icon--default button-icon-left\" aria-hidden=\"true\"><\/i><span class=\"fusion-button-text awb-button__text awb-button__text--default\">+41 91 605 21 50<\/span><\/a><\/div><div class=\"fusion-separator fusion-full-width-sep\" style=\"align-self: center;margin-left: auto;margin-right: auto;margin-top:10px;margin-bottom:10px;width:100%;\"><\/div><div class=\"fusion-text fusion-text-6\"><h5 style=\"text-align: left;\"><span style=\"color: #099146;\">Suchen Sie einen Personalisierte Verpackungsklebeband?<\/span><\/h5>\n<div class=\"fusion-text fusion-text-4\">\n<p class=\"title-heading-left\" data-fontsize=\"34\" data-lineheight=\"47\">Wir Bedrucken Klebeb\u00e4nder je nach Wunsch und Bed\u00fcrfnis mit Texten, Bilder und Logos auf transparente, weisse oder braune Klebeb\u00e4nder.<\/p>\n<\/div>\n<\/div><\/div><\/div><div class=\"fusion-layout-column fusion_builder_column fusion-builder-column-3 fusion_builder_column_1_2 1_2 fusion-flex-column\" style=\"--awb-bg-size:cover;--awb-width-large:50%;--awb-margin-top-large:0px;--awb-spacing-right-large:3.84%;--awb-margin-bottom-large:20px;--awb-spacing-left-large:3.84%;--awb-width-medium:100%;--awb-order-medium:0;--awb-spacing-right-medium:1.92%;--awb-spacing-left-medium:1.92%;--awb-width-small:100%;--awb-order-small:0;--awb-spacing-right-small:1.92%;--awb-spacing-left-small:1.92%;\"><div class=\"fusion-column-wrapper fusion-column-has-shadow fusion-flex-justify-content-flex-start fusion-content-layout-column\"><div class=\"fusion-text fusion-text-7\"><p>Verpackungsb\u00e4nder mit hoher Klebekraft und Festigkeit, erh\u00e4ltlich in verschiedenen Materialien: PVC, Polypropylen und Papier.<br \/>\n<span style=\"color: #099146;\">Wir helfen Sie gerne bei der Auswahl der f\u00fcr Ihre Bed\u00fcrfnisse am besten geeigneten ist.<\/span><\/p>\n<ul>\n<li><strong>SELBSTKLEBEBAND ZUR MASCHINEN ANWENDUNG<\/strong><br \/>\nEinfaches Abrollen, um Verlangsamungen der Verpackungslinien zu vermeiden. Klebstoff auf Basis von Natur- oder Synthesekautschuk.<\/li>\n<li><strong>ACRIL-POLYPROPYLEN SELBSTKLEBEBAND<\/strong><br \/>\nLeise Abrollung, glasklar, sehr geeignet f\u00fcr Verpackungen die am Licht ausgesetzt bleiben danke der Best\u00e4ndigkeit des Klebstoffs gegen UV-Strahlen.<\/li>\n<li><strong>HOTMELT SELBSTKLEBEBAND (Schmelzklebstoff)<\/strong><br \/>\nSelbstklebeband mit hoher Klebekraft f\u00fcr mittelschwere Verpackungen.<\/li>\n<li><strong>SELBSTKLEBEBAND AUS NATURKAUTSCHUK<\/strong><br \/>\nGute Festigkeit bei niedrigen wie auch hohen Temperaturen. Geeignet f\u00fcr die Verpackung von Tiefk\u00fchlprodukten oder Produkten, die in Schrumpf\u00f6fen gelangen m\u00fcssen.<\/li>\n<li><strong>PVC SELBSTKLEBEBAND<\/strong><br \/>\nNastro adesivo in cloruro di polivinile adatto per ogni tipo di imballo.<\/li>\n<li><strong>PAPIER SELBSTKLEBEBAND<\/strong><br \/>\nSelbstklebeband aus Papier f\u00fcr \u00f6kologische Verpackungen wo die Verwendung von Kunststoffen verboten ist.<\/li>\n<li><strong>VERST\u00c4RKTE SELBSTKLEBEBAND<\/strong><br \/>\nSelbstklebeband aus Polypropylen mit Glasfasern L\u00e4ngs- und Querverst\u00e4rkt f\u00fcr schwere Verpackungen.<\/li>\n<\/ul>\n<\/div><\/div><\/div><\/div><\/div><\/p>\n","protected":false},"excerpt":{"rendered":"","protected":false},"author":3,"featured_media":0,"comment_status":"closed","ping_status":"closed","sticky":false,"template":"","format":"standard","meta":{"footnotes":""},"categories":[36],"tags":[],"class_list":["post-15531","post","type-post","status-publish","format-standard","hentry","category-produkte"],"yoast_head":"<!-- This site is optimized with the Yoast SEO plugin v27.5 - https:\/\/yoast.com\/product\/yoast-seo-wordpress\/ -->\n<title>VERPACKUNGSKLEBEB\u00c4NDER - INCOMSA<\/title>\n<meta name=\"robots\" content=\"index, follow, max-snippet:-1, max-image-preview:large, max-video-preview:-1\" \/>\n<link rel=\"canonical\" href=\"https:\/\/www.incomsa.ch\/de\/verpackungsklebebaender\/\" \/>\n<meta property=\"og:locale\" content=\"de_DE\" \/>\n<meta property=\"og:type\" content=\"article\" \/>\n<meta property=\"og:title\" content=\"VERPACKUNGSKLEBEB\u00c4NDER - INCOMSA\" \/>\n<meta property=\"og:url\" content=\"https:\/\/www.incomsa.ch\/de\/verpackungsklebebaender\/\" \/>\n<meta property=\"og:site_name\" content=\"INCOMSA\" \/>\n<meta property=\"article:published_time\" content=\"2021-02-16T17:36:23+00:00\" \/>\n<meta property=\"article:modified_time\" content=\"2023-02-28T15:23:37+00:00\" \/>\n<meta property=\"og:image\" content=\"https:\/\/www.incomsa.ch\/wp-content\/uploads\/2022\/05\/nastri-personalizzati-1.jpg\" \/>\n\t<meta property=\"og:image:width\" content=\"900\" \/>\n\t<meta property=\"og:image:height\" content=\"600\" \/>\n\t<meta property=\"og:image:type\" content=\"image\/jpeg\" \/>\n<meta name=\"author\" content=\"manuela\" \/>\n<meta name=\"twitter:card\" content=\"summary_large_image\" \/>\n<meta name=\"twitter:label1\" content=\"Verfasst von\" \/>\n\t<meta name=\"twitter:data1\" content=\"manuela\" \/>\n\t<meta name=\"twitter:label2\" content=\"Gesch\u00e4tzte Lesezeit\" \/>\n\t<meta name=\"twitter:data2\" content=\"7\u00a0Minuten\" \/>\n<script type=\"application\/ld+json\" class=\"yoast-schema-graph\">{\"@context\":\"https:\\\/\\\/schema.org\",\"@graph\":[{\"@type\":\"Article\",\"@id\":\"https:\\\/\\\/www.incomsa.ch\\\/de\\\/verpackungsklebebaender\\\/#article\",\"isPartOf\":{\"@id\":\"https:\\\/\\\/www.incomsa.ch\\\/de\\\/verpackungsklebebaender\\\/\"},\"author\":{\"name\":\"manuela\",\"@id\":\"https:\\\/\\\/www.incomsa.ch\\\/de\\\/#\\\/schema\\\/person\\\/8cc6f6836d62e9dd42c54629c517f2aa\"},\"headline\":\"VERPACKUNGSKLEBEB\u00c4NDER\",\"datePublished\":\"2021-02-16T17:36:23+00:00\",\"dateModified\":\"2023-02-28T15:23:37+00:00\",\"mainEntityOfPage\":{\"@id\":\"https:\\\/\\\/www.incomsa.ch\\\/de\\\/verpackungsklebebaender\\\/\"},\"wordCount\":2815,\"publisher\":{\"@id\":\"https:\\\/\\\/www.incomsa.ch\\\/de\\\/#organization\"},\"articleSection\":[\"Produkte\"],\"inLanguage\":\"de\"},{\"@type\":\"WebPage\",\"@id\":\"https:\\\/\\\/www.incomsa.ch\\\/de\\\/verpackungsklebebaender\\\/\",\"url\":\"https:\\\/\\\/www.incomsa.ch\\\/de\\\/verpackungsklebebaender\\\/\",\"name\":\"VERPACKUNGSKLEBEB\u00c4NDER - INCOMSA\",\"isPartOf\":{\"@id\":\"https:\\\/\\\/www.incomsa.ch\\\/de\\\/#website\"},\"datePublished\":\"2021-02-16T17:36:23+00:00\",\"dateModified\":\"2023-02-28T15:23:37+00:00\",\"breadcrumb\":{\"@id\":\"https:\\\/\\\/www.incomsa.ch\\\/de\\\/verpackungsklebebaender\\\/#breadcrumb\"},\"inLanguage\":\"de\",\"potentialAction\":[{\"@type\":\"ReadAction\",\"target\":[\"https:\\\/\\\/www.incomsa.ch\\\/de\\\/verpackungsklebebaender\\\/\"]}]},{\"@type\":\"BreadcrumbList\",\"@id\":\"https:\\\/\\\/www.incomsa.ch\\\/de\\\/verpackungsklebebaender\\\/#breadcrumb\",\"itemListElement\":[{\"@type\":\"ListItem\",\"position\":1,\"name\":\"Home\",\"item\":\"https:\\\/\\\/www.incomsa.ch\\\/de\\\/\"},{\"@type\":\"ListItem\",\"position\":2,\"name\":\"VERPACKUNGSKLEBEB\u00c4NDER\"}]},{\"@type\":\"WebSite\",\"@id\":\"https:\\\/\\\/www.incomsa.ch\\\/de\\\/#website\",\"url\":\"https:\\\/\\\/www.incomsa.ch\\\/de\\\/\",\"name\":\"INCOMSA SA - Nastri adesivi, Film estensibili e Imballaggio\",\"description\":\"Nastri adesivi, Film estensibili e Imballaggio\",\"publisher\":{\"@id\":\"https:\\\/\\\/www.incomsa.ch\\\/de\\\/#organization\"},\"alternateName\":\"Nastri adesivi, Film estensibili e Imballaggio - Svizzara\",\"potentialAction\":[{\"@type\":\"SearchAction\",\"target\":{\"@type\":\"EntryPoint\",\"urlTemplate\":\"https:\\\/\\\/www.incomsa.ch\\\/de\\\/?s={search_term_string}\"},\"query-input\":{\"@type\":\"PropertyValueSpecification\",\"valueRequired\":true,\"valueName\":\"search_term_string\"}}],\"inLanguage\":\"de\"},{\"@type\":\"Organization\",\"@id\":\"https:\\\/\\\/www.incomsa.ch\\\/de\\\/#organization\",\"name\":\"INCOMSA SA - Nastri adesivi, Film estensibili e Imballaggio\",\"alternateName\":\"Nastri adesivi, Film estensibili e Imballaggio - Svizzera\",\"url\":\"https:\\\/\\\/www.incomsa.ch\\\/de\\\/\",\"logo\":{\"@type\":\"ImageObject\",\"inLanguage\":\"de\",\"@id\":\"https:\\\/\\\/www.incomsa.ch\\\/de\\\/#\\\/schema\\\/logo\\\/image\\\/\",\"url\":\"https:\\\/\\\/www.incomsa.ch\\\/wp-content\\\/uploads\\\/2021\\\/06\\\/incomsa-logo.jpg\",\"contentUrl\":\"https:\\\/\\\/www.incomsa.ch\\\/wp-content\\\/uploads\\\/2021\\\/06\\\/incomsa-logo.jpg\",\"width\":1200,\"height\":1200,\"caption\":\"INCOMSA SA - Nastri adesivi, Film estensibili e Imballaggio\"},\"image\":{\"@id\":\"https:\\\/\\\/www.incomsa.ch\\\/de\\\/#\\\/schema\\\/logo\\\/image\\\/\"}},{\"@type\":\"Person\",\"@id\":\"https:\\\/\\\/www.incomsa.ch\\\/de\\\/#\\\/schema\\\/person\\\/8cc6f6836d62e9dd42c54629c517f2aa\",\"name\":\"manuela\",\"image\":{\"@type\":\"ImageObject\",\"inLanguage\":\"de\",\"@id\":\"https:\\\/\\\/secure.gravatar.com\\\/avatar\\\/b146b8c1e3aa7f02953ac4d788a8485c2cb14acafa02b4cb04ae9c1107111dc6?s=96&d=mm&r=g\",\"url\":\"https:\\\/\\\/secure.gravatar.com\\\/avatar\\\/b146b8c1e3aa7f02953ac4d788a8485c2cb14acafa02b4cb04ae9c1107111dc6?s=96&d=mm&r=g\",\"contentUrl\":\"https:\\\/\\\/secure.gravatar.com\\\/avatar\\\/b146b8c1e3aa7f02953ac4d788a8485c2cb14acafa02b4cb04ae9c1107111dc6?s=96&d=mm&r=g\",\"caption\":\"manuela\"}}]}<\/script>\n<!-- \/ Yoast SEO plugin. -->","yoast_head_json":{"title":"VERPACKUNGSKLEBEB\u00c4NDER - INCOMSA","robots":{"index":"index","follow":"follow","max-snippet":"max-snippet:-1","max-image-preview":"max-image-preview:large","max-video-preview":"max-video-preview:-1"},"canonical":"https:\/\/www.incomsa.ch\/de\/verpackungsklebebaender\/","og_locale":"de_DE","og_type":"article","og_title":"VERPACKUNGSKLEBEB\u00c4NDER - INCOMSA","og_url":"https:\/\/www.incomsa.ch\/de\/verpackungsklebebaender\/","og_site_name":"INCOMSA","article_published_time":"2021-02-16T17:36:23+00:00","article_modified_time":"2023-02-28T15:23:37+00:00","og_image":[{"width":900,"height":600,"url":"https:\/\/www.incomsa.ch\/wp-content\/uploads\/2022\/05\/nastri-personalizzati-1.jpg","type":"image\/jpeg"}],"author":"manuela","twitter_card":"summary_large_image","twitter_misc":{"Verfasst von":"manuela","Gesch\u00e4tzte Lesezeit":"7\u00a0Minuten"},"schema":{"@context":"https:\/\/schema.org","@graph":[{"@type":"Article","@id":"https:\/\/www.incomsa.ch\/de\/verpackungsklebebaender\/#article","isPartOf":{"@id":"https:\/\/www.incomsa.ch\/de\/verpackungsklebebaender\/"},"author":{"name":"manuela","@id":"https:\/\/www.incomsa.ch\/de\/#\/schema\/person\/8cc6f6836d62e9dd42c54629c517f2aa"},"headline":"VERPACKUNGSKLEBEB\u00c4NDER","datePublished":"2021-02-16T17:36:23+00:00","dateModified":"2023-02-28T15:23:37+00:00","mainEntityOfPage":{"@id":"https:\/\/www.incomsa.ch\/de\/verpackungsklebebaender\/"},"wordCount":2815,"publisher":{"@id":"https:\/\/www.incomsa.ch\/de\/#organization"},"articleSection":["Produkte"],"inLanguage":"de"},{"@type":"WebPage","@id":"https:\/\/www.incomsa.ch\/de\/verpackungsklebebaender\/","url":"https:\/\/www.incomsa.ch\/de\/verpackungsklebebaender\/","name":"VERPACKUNGSKLEBEB\u00c4NDER - INCOMSA","isPartOf":{"@id":"https:\/\/www.incomsa.ch\/de\/#website"},"datePublished":"2021-02-16T17:36:23+00:00","dateModified":"2023-02-28T15:23:37+00:00","breadcrumb":{"@id":"https:\/\/www.incomsa.ch\/de\/verpackungsklebebaender\/#breadcrumb"},"inLanguage":"de","potentialAction":[{"@type":"ReadAction","target":["https:\/\/www.incomsa.ch\/de\/verpackungsklebebaender\/"]}]},{"@type":"BreadcrumbList","@id":"https:\/\/www.incomsa.ch\/de\/verpackungsklebebaender\/#breadcrumb","itemListElement":[{"@type":"ListItem","position":1,"name":"Home","item":"https:\/\/www.incomsa.ch\/de\/"},{"@type":"ListItem","position":2,"name":"VERPACKUNGSKLEBEB\u00c4NDER"}]},{"@type":"WebSite","@id":"https:\/\/www.incomsa.ch\/de\/#website","url":"https:\/\/www.incomsa.ch\/de\/","name":"INCOMSA SA - Nastri adesivi, Film estensibili e Imballaggio","description":"Nastri adesivi, Film estensibili e Imballaggio","publisher":{"@id":"https:\/\/www.incomsa.ch\/de\/#organization"},"alternateName":"Nastri adesivi, Film estensibili e Imballaggio - Svizzara","potentialAction":[{"@type":"SearchAction","target":{"@type":"EntryPoint","urlTemplate":"https:\/\/www.incomsa.ch\/de\/?s={search_term_string}"},"query-input":{"@type":"PropertyValueSpecification","valueRequired":true,"valueName":"search_term_string"}}],"inLanguage":"de"},{"@type":"Organization","@id":"https:\/\/www.incomsa.ch\/de\/#organization","name":"INCOMSA SA - Nastri adesivi, Film estensibili e Imballaggio","alternateName":"Nastri adesivi, Film estensibili e Imballaggio - Svizzera","url":"https:\/\/www.incomsa.ch\/de\/","logo":{"@type":"ImageObject","inLanguage":"de","@id":"https:\/\/www.incomsa.ch\/de\/#\/schema\/logo\/image\/","url":"https:\/\/www.incomsa.ch\/wp-content\/uploads\/2021\/06\/incomsa-logo.jpg","contentUrl":"https:\/\/www.incomsa.ch\/wp-content\/uploads\/2021\/06\/incomsa-logo.jpg","width":1200,"height":1200,"caption":"INCOMSA SA - Nastri adesivi, Film estensibili e Imballaggio"},"image":{"@id":"https:\/\/www.incomsa.ch\/de\/#\/schema\/logo\/image\/"}},{"@type":"Person","@id":"https:\/\/www.incomsa.ch\/de\/#\/schema\/person\/8cc6f6836d62e9dd42c54629c517f2aa","name":"manuela","image":{"@type":"ImageObject","inLanguage":"de","@id":"https:\/\/secure.gravatar.com\/avatar\/b146b8c1e3aa7f02953ac4d788a8485c2cb14acafa02b4cb04ae9c1107111dc6?s=96&d=mm&r=g","url":"https:\/\/secure.gravatar.com\/avatar\/b146b8c1e3aa7f02953ac4d788a8485c2cb14acafa02b4cb04ae9c1107111dc6?s=96&d=mm&r=g","contentUrl":"https:\/\/secure.gravatar.com\/avatar\/b146b8c1e3aa7f02953ac4d788a8485c2cb14acafa02b4cb04ae9c1107111dc6?s=96&d=mm&r=g","caption":"manuela"}}]}},"_links":{"self":[{"href":"https:\/\/www.incomsa.ch\/de\/wp-json\/wp\/v2\/posts\/15531","targetHints":{"allow":["GET"]}}],"collection":[{"href":"https:\/\/www.incomsa.ch\/de\/wp-json\/wp\/v2\/posts"}],"about":[{"href":"https:\/\/www.incomsa.ch\/de\/wp-json\/wp\/v2\/types\/post"}],"author":[{"embeddable":true,"href":"https:\/\/www.incomsa.ch\/de\/wp-json\/wp\/v2\/users\/3"}],"replies":[{"embeddable":true,"href":"https:\/\/www.incomsa.ch\/de\/wp-json\/wp\/v2\/comments?post=15531"}],"version-history":[{"count":7,"href":"https:\/\/www.incomsa.ch\/de\/wp-json\/wp\/v2\/posts\/15531\/revisions"}],"predecessor-version":[{"id":18551,"href":"https:\/\/www.incomsa.ch\/de\/wp-json\/wp\/v2\/posts\/15531\/revisions\/18551"}],"wp:attachment":[{"href":"https:\/\/www.incomsa.ch\/de\/wp-json\/wp\/v2\/media?parent=15531"}],"wp:term":[{"taxonomy":"category","embeddable":true,"href":"https:\/\/www.incomsa.ch\/de\/wp-json\/wp\/v2\/categories?post=15531"},{"taxonomy":"post_tag","embeddable":true,"href":"https:\/\/www.incomsa.ch\/de\/wp-json\/wp\/v2\/tags?post=15531"}],"curies":[{"name":"wp","href":"https:\/\/api.w.org\/{rel}","templated":true}]}}