{"id":18552,"date":"2021-02-16T18:36:23","date_gmt":"2021-02-16T17:36:23","guid":{"rendered":"https:\/\/www.incomsa.ch\/nastri-adesivi-da-imballaggio\/"},"modified":"2023-02-28T17:01:44","modified_gmt":"2023-02-28T16:01:44","slug":"nastri-adesivi-da-rubans-adhesifs-pour-lemballage","status":"publish","type":"post","link":"https:\/\/www.incomsa.ch\/fr\/nastri-adesivi-da-rubans-adhesifs-pour-lemballage\/","title":{"rendered":"RUBANS ADH\u00c9SIFS POUR L&rsquo;EMBALLAGE"},"content":{"rendered":"<p><div class=\"fusion-fullwidth fullwidth-box fusion-builder-row-1 fusion-flex-container nonhundred-percent-fullwidth non-hundred-percent-height-scrolling\" style=\"--awb-border-radius-top-left:0px;--awb-border-radius-top-right:0px;--awb-border-radius-bottom-right:0px;--awb-border-radius-bottom-left:0px;--awb-flex-wrap:wrap;\" ><div class=\"fusion-builder-row fusion-row fusion-flex-align-items-flex-start fusion-flex-content-wrap\" style=\"max-width:1144px;margin-left: calc(-4% \/ 2 );margin-right: calc(-4% \/ 2 );\"><div class=\"fusion-layout-column fusion_builder_column fusion-builder-column-0 fusion_builder_column_1_2 1_2 fusion-flex-column\" style=\"--awb-bg-size:cover;--awb-width-large:50%;--awb-margin-top-large:0px;--awb-spacing-right-large:3.84%;--awb-margin-bottom-large:20px;--awb-spacing-left-large:3.84%;--awb-width-medium:100%;--awb-order-medium:0;--awb-spacing-right-medium:1.92%;--awb-spacing-left-medium:1.92%;--awb-width-small:100%;--awb-order-small:0;--awb-spacing-right-small:1.92%;--awb-spacing-left-small:1.92%;\"><div class=\"fusion-column-wrapper fusion-column-has-shadow fusion-flex-justify-content-flex-start fusion-content-layout-column\"><div class=\"fusion-text fusion-text-1\"><h1 style=\"text-align: left;\">RUBANS ADH\u00c9SIFS POUR L&rsquo;EMBALLAGE<\/h1>\n<\/div><div class=\"fusion-text fusion-text-2\"><h2>RUBAN ADH\u00c9SIF DE QUALIT\u00c9 POUR L&rsquo;EMBALLAGE<\/h2>\n<p>L&#8217;emballage garantit la conservation de vos marchandises en excellent \u00e9tat. C&rsquo;est pourquoi l&rsquo;utilisation d&rsquo;un ruban d&#8217;emballage de qualit\u00e9 est tr\u00e8s importante. Pour sceller ou emballer des emballages l\u00e9gers et lourds, nous vous proposons une large gamme de produits de haute qualit\u00e9.<\/p>\n<p><strong style=\"color: #099146;\">Nous offrons un service fluide et efficace\u00a0<\/strong><\/p>\n<ul>\n<li>Livraison rapide<\/li>\n<li>Prix comp\u00e9titifs<\/li>\n<li>Conseils techniques<\/li>\n<li>Devis gratuit<\/li>\n<\/ul>\n<p><span style=\"color: #099146;\"><strong>Notre entreprise est active dans l&rsquo;industrie de l&#8217;emballage depuis 1972\u00a0<\/strong><\/span><\/p>\n<ul>\n<li>Normes de qualit\u00e9 \u00e9lev\u00e9es<\/li>\n<li>Disponibilit\u00e9 imm\u00e9diate<\/li>\n<li>Personnalisation de produit<\/li>\n<\/ul>\n<\/div><div class=\"fusion-image-element \" style=\"--awb-caption-title-font-family:var(--h2_typography-font-family);--awb-caption-title-font-weight:var(--h2_typography-font-weight);--awb-caption-title-font-style:var(--h2_typography-font-style);--awb-caption-title-size:var(--h2_typography-font-size);--awb-caption-title-transform:var(--h2_typography-text-transform);--awb-caption-title-line-height:var(--h2_typography-line-height);--awb-caption-title-letter-spacing:var(--h2_typography-letter-spacing);\"><span class=\" fusion-imageframe imageframe-none imageframe-1 hover-type-none\"><img decoding=\"async\" width=\"1000\" height=\"667\" alt=\"RUBANS ADH\u00c9SIFS POUR L&#039;EMBALLAGE\" title=\"IMG_1411\" src=\"https:\/\/www.incomsa.ch\/wp-content\/uploads\/2017\/03\/IMG_1411.png\" class=\"img-responsive wp-image-3350\" srcset=\"https:\/\/www.incomsa.ch\/wp-content\/uploads\/2017\/03\/IMG_1411-200x133.png 200w, https:\/\/www.incomsa.ch\/wp-content\/uploads\/2017\/03\/IMG_1411-400x267.png 400w, https:\/\/www.incomsa.ch\/wp-content\/uploads\/2017\/03\/IMG_1411-600x400.png 600w, https:\/\/www.incomsa.ch\/wp-content\/uploads\/2017\/03\/IMG_1411-800x534.png 800w, https:\/\/www.incomsa.ch\/wp-content\/uploads\/2017\/03\/IMG_1411.png 1000w\" sizes=\"(max-width: 1024px) 100vw, (max-width: 640px) 100vw, 600px\" \/><\/span><\/div><\/div><\/div><div class=\"fusion-layout-column fusion_builder_column fusion-builder-column-1 fusion_builder_column_1_2 1_2 fusion-flex-column\" style=\"--awb-padding-top:10px;--awb-padding-right:10px;--awb-padding-bottom:10px;--awb-padding-left:10px;--awb-bg-size:cover;--awb-border-color:#099146;--awb-border-top:1px;--awb-border-right:1px;--awb-border-bottom:1px;--awb-border-left:1px;--awb-border-style:solid;--awb-width-large:50%;--awb-margin-top-large:20px;--awb-spacing-right-large:3.84%;--awb-margin-bottom-large:20px;--awb-spacing-left-large:3.84%;--awb-width-medium:100%;--awb-order-medium:0;--awb-spacing-right-medium:1.92%;--awb-spacing-left-medium:1.92%;--awb-width-small:100%;--awb-order-small:0;--awb-spacing-right-small:1.92%;--awb-spacing-left-small:1.92%;\"><div class=\"fusion-column-wrapper fusion-column-has-shadow fusion-flex-justify-content-flex-start fusion-content-layout-column\"><div class=\"fusion-text fusion-text-3\" style=\"--awb-font-size:18px;\"><h3 style=\"text-align: left;\"><span style=\"color: #099146;\">Comment pouvons-nous vous aider ?<\/span><\/h3>\n<p>Pour des demandes ou des conseils techniques sur nos produits, utilisez ce formulaire et ins\u00e9rez les donn\u00e9es avec lesquelles vous souhaitez \u00eatre contact\u00e9 par nos experts.<\/p>\n<\/div><div class=\"fusion-text fusion-text-4\">\n<div class=\"wpcf7 no-js\" id=\"wpcf7-f18554-o1\" lang=\"fr-FR\" dir=\"ltr\" data-wpcf7-id=\"18554\">\n<div class=\"screen-reader-response\"><p role=\"status\" aria-live=\"polite\" aria-atomic=\"true\"><\/p> <ul><\/ul><\/div>\n<form action=\"\/fr\/wp-json\/wp\/v2\/posts\/18552#wpcf7-f18554-o1\" method=\"post\" class=\"wpcf7-form init wpcf7-acceptance-as-validation\" aria-label=\"Formulaire de contact\" novalidate=\"novalidate\" data-status=\"init\">\n<fieldset class=\"hidden-fields-container\"><input type=\"hidden\" name=\"_wpcf7\" value=\"18554\" \/><input type=\"hidden\" name=\"_wpcf7_version\" value=\"6.1.5\" \/><input type=\"hidden\" name=\"_wpcf7_locale\" value=\"fr_FR\" \/><input type=\"hidden\" name=\"_wpcf7_unit_tag\" value=\"wpcf7-f18554-o1\" \/><input type=\"hidden\" name=\"_wpcf7_container_post\" value=\"0\" \/><input type=\"hidden\" name=\"_wpcf7_posted_data_hash\" value=\"\" \/><input type=\"hidden\" name=\"_wpcf7_recaptcha_response\" value=\"\" \/>\n<\/fieldset>\n<p><label> Nom<br \/>\n<span class=\"wpcf7-form-control-wrap\" data-name=\"your-name\"><input size=\"40\" maxlength=\"400\" class=\"wpcf7-form-control wpcf7-text wpcf7-validates-as-required\" aria-required=\"true\" aria-invalid=\"false\" value=\"\" type=\"text\" name=\"your-name\" \/><\/span> <\/label>\n<\/p>\n<p><label> Email<br \/>\n<span class=\"wpcf7-form-control-wrap\" data-name=\"your-email\"><input size=\"40\" maxlength=\"400\" class=\"wpcf7-form-control wpcf7-email wpcf7-validates-as-required wpcf7-text wpcf7-validates-as-email\" aria-required=\"true\" aria-invalid=\"false\" value=\"\" type=\"email\" name=\"your-email\" \/><\/span> <\/label>\n<\/p>\n<p><label> Num\u00e9ro de t\u00e9l\u00e9phone<br \/>\n<span class=\"wpcf7-form-control-wrap\" data-name=\"tel-6\"><input size=\"40\" maxlength=\"400\" class=\"wpcf7-form-control wpcf7-tel wpcf7-validates-as-required wpcf7-text wpcf7-validates-as-tel\" aria-required=\"true\" aria-invalid=\"false\" value=\"\" type=\"tel\" name=\"tel-6\" \/><\/span> <\/label>\n<\/p>\n<p><label> Int\u00e9ress\u00e9 par: <span class=\"wpcf7-form-control-wrap\" data-name=\"menu-667\"><select class=\"wpcf7-form-control wpcf7-select wpcf7-validates-as-required\" aria-required=\"true\" aria-invalid=\"false\" name=\"menu-667\"><option value=\"\">&#8212;Veuillez choisir une option&#8212;<\/option><option value=\"estimation gratuite\">estimation gratuite<\/option><option value=\"informations g\u00e9n\u00e9rales\">informations g\u00e9n\u00e9rales<\/option><option value=\"je souhaite \u00eatre contact\u00e9 par un technicien\">je souhaite \u00eatre contact\u00e9 par un technicien<\/option><\/select><\/span><\/label>\n<\/p>\n<p><label> Message (facultatif)<br \/>\n<span class=\"wpcf7-form-control-wrap\" data-name=\"your-message\"><textarea cols=\"40\" rows=\"10\" maxlength=\"2000\" class=\"wpcf7-form-control wpcf7-textarea\" aria-invalid=\"false\" name=\"your-message\"><\/textarea><\/span> <\/label>\n<\/p>\n<p><input class=\"wpcf7-form-control wpcf7-submit has-spinner\" type=\"submit\" value=\"ENVOYEZ VOTRE DEMANDE\" \/>\n<\/p>\n<p><span class=\"wpcf7-form-control-wrap\" data-name=\"acceptance-464\"><span class=\"wpcf7-form-control wpcf7-acceptance\"><span class=\"wpcf7-list-item\"><label><input type=\"checkbox\" name=\"acceptance-464\" value=\"1\" aria-invalid=\"false\" \/><span class=\"wpcf7-list-item-label\">J'accepte et j'ai lu la politique de confidentialit\u00e9 d'Incomsa SA<\/span><\/label><\/span><\/span><\/span>\n<\/p><p style=\"display: none !important;\" class=\"akismet-fields-container\" data-prefix=\"_wpcf7_ak_\"><label>&#916;<textarea name=\"_wpcf7_ak_hp_textarea\" cols=\"45\" rows=\"8\" maxlength=\"100\"><\/textarea><\/label><input type=\"hidden\" id=\"ak_js_1\" name=\"_wpcf7_ak_js\" value=\"190\"\/><script type=\"text\/javascript\">\n\/* <![CDATA[ *\/\ndocument.getElementById( \"ak_js_1\" ).setAttribute( \"value\", ( new Date() ).getTime() );\n\/* ]]> *\/\n<\/script>\n<\/p><div class=\"fusion-alert alert custom alert-custom fusion-alert-center wpcf7-response-output fusion-alert-capitalize awb-alert-native-link-color alert-dismissable awb-alert-close-boxed\" style=\"--awb-border-top-left-radius:0px;--awb-border-top-right-radius:0px;--awb-border-bottom-left-radius:0px;--awb-border-bottom-right-radius:0px;\" role=\"alert\"><div class=\"fusion-alert-content-wrapper\"><span class=\"fusion-alert-content\"><\/span><\/div><button type=\"button\" class=\"close toggle-alert\" data-dismiss=\"alert\" aria-label=\"Close\">&times;<\/button><\/div>\n<\/form>\n<\/div>\n\n<\/div><\/div><\/div><\/div><\/div><div class=\"fusion-fullwidth fullwidth-box fusion-builder-row-2 fusion-flex-container nonhundred-percent-fullwidth non-hundred-percent-height-scrolling\" style=\"--awb-border-radius-top-left:0px;--awb-border-radius-top-right:0px;--awb-border-radius-bottom-right:0px;--awb-border-radius-bottom-left:0px;--awb-flex-wrap:wrap;\" ><div class=\"fusion-builder-row fusion-row fusion-flex-align-items-flex-start fusion-flex-content-wrap\" style=\"max-width:1144px;margin-left: calc(-4% \/ 2 );margin-right: calc(-4% \/ 2 );\"><div class=\"fusion-layout-column fusion_builder_column fusion-builder-column-2 fusion_builder_column_1_2 1_2 fusion-flex-column\" style=\"--awb-bg-size:cover;--awb-width-large:50%;--awb-margin-top-large:0px;--awb-spacing-right-large:3.84%;--awb-margin-bottom-large:20px;--awb-spacing-left-large:3.84%;--awb-width-medium:100%;--awb-order-medium:0;--awb-spacing-right-medium:1.92%;--awb-spacing-left-medium:1.92%;--awb-width-small:100%;--awb-order-small:0;--awb-spacing-right-small:1.92%;--awb-spacing-left-small:1.92%;\"><div class=\"fusion-column-wrapper fusion-column-has-shadow fusion-flex-justify-content-flex-start fusion-content-layout-column\"><div class=\"fusion-text fusion-text-5\"><h2><span style=\"color: #099146;\">Prot\u00e9gez vos biens !<\/span><\/h2>\n<p>Nous sommes les leaders du march\u00e9 de l&#8217;emballage depuis 1972.<br \/>\nNous offrons une large gamme de produits pour l&rsquo;industrie, la construction, le commerce et bien<br \/>\nplus encore.<br \/>\nDu film \u00e9tirable aux rubans d&#8217;emballage en passant par les produits 3M sp\u00e9cifiques.<\/p>\n<div class=\"page\" title=\"Page 1\">\n<div class=\"layoutArea\">\n<div class=\"column\">\n<h4><span style=\"color: #099146;\"><strong>Contactez nos experts !<\/strong><\/span><\/h4>\n<ul>\n<li>Meilleur rapport qualit\u00e9 prix<\/li>\n<li>Exp\u00e9dition sous 24 heures<\/li>\n<li>Plus de 2000 produits<\/li>\n<li>Conseils individuels pour les entreprises<\/li>\n<li>Distributeur officiel des produits 3M dans la branche industrielle<\/li>\n<li>Revendeur officiel TESA<\/li>\n<li>Op\u00e9rant en Suisse<\/li>\n<\/ul>\n<\/div>\n<\/div>\n<\/div>\n<\/div><div ><a class=\"fusion-button button-flat button-xlarge button-custom fusion-button-default button-1 fusion-button-span-yes \" style=\"--button_accent_color:#099146;--button_border_color:#099146;--button_accent_hover_color:#ffffff;--button_border_hover_color:#ffffff;--button_border_width-top:1px;--button_border_width-right:1px;--button_border_width-bottom:1px;--button_border_width-left:1px;--button_gradient_top_color:#ffffff;--button_gradient_bottom_color:#ffffff;--button_gradient_top_color_hover:#099146;--button_gradient_bottom_color_hover:#099146;\" target=\"_blank\" rel=\"noopener noreferrer\" href=\"tel:+41916052150\"><i class=\"fa-phone-alt fas awb-button__icon awb-button__icon--default button-icon-left\" aria-hidden=\"true\"><\/i><span class=\"fusion-button-text awb-button__text awb-button__text--default\">+41 91 605 21 50<\/span><\/a><\/div><div class=\"fusion-text fusion-text-6\"><h5 style=\"text-align: left;\"><span style=\"color: #099146;\">Vous souhaitez en savoir plus sur la personnalisation de l&#8217;emballage ?<\/span><\/h5>\n<div class=\"fusion-text fusion-text-4\">\n<p class=\"title-heading-left\" data-fontsize=\"34\" data-lineheight=\"47\">Nous pouvons fabriquer le ruban d&#8217;emballage selon vos besoins.<br \/>\nIl est possible de r\u00e9aliser des logos, dessins ou textes sur fond transparent ou color\u00e9.<\/p>\n<\/div>\n<\/div><\/div><\/div><div class=\"fusion-layout-column fusion_builder_column fusion-builder-column-3 fusion_builder_column_1_2 1_2 fusion-flex-column\" style=\"--awb-bg-size:cover;--awb-width-large:50%;--awb-margin-top-large:0px;--awb-spacing-right-large:3.84%;--awb-margin-bottom-large:20px;--awb-spacing-left-large:3.84%;--awb-width-medium:100%;--awb-order-medium:0;--awb-spacing-right-medium:1.92%;--awb-spacing-left-medium:1.92%;--awb-width-small:100%;--awb-order-small:0;--awb-spacing-right-small:1.92%;--awb-spacing-left-small:1.92%;\"><div class=\"fusion-column-wrapper fusion-column-has-shadow fusion-flex-justify-content-flex-start fusion-content-layout-column\"><div class=\"fusion-text fusion-text-7\"><p>Rubans d&#8217;emballage \u00e0 haut degr\u00e9 d&rsquo;adh\u00e9rence et de r\u00e9sistance, disponibles en diff\u00e9rents mat\u00e9riaux: pvc, polypropyl\u00e8ne et papier.<br \/>\n<span style=\"color: #099146;\">Nos experts techniques vous aideront \u00e0 choisir celui qui correspond le mieux \u00e0 vos n\u00e9cessit\u00e9.<\/span><\/p>\n<ul>\n<li><strong>RUBAN ADH\u00c9SIF POUR L&rsquo;AUTOMATISATION<\/strong><br \/>\nD\u00e9roulement facilit\u00e9 pour \u00e9viter les ralentissements sur les lignes de conditionnement. Adh\u00e9sif \u00e0 base de caoutchouc naturel ou synth\u00e9tique.<\/li>\n<li><strong>RUBAN EN POLYPROPYL\u00c8NE ACRYLIQUE<\/strong><br \/>\nD\u00e9roulement silencieuse, transparence parfaite, adapt\u00e9 aux emballages qui restent expos\u00e9s \u00e0 la lumi\u00e8re gr\u00e2ce \u00e0 l&rsquo;excellente r\u00e9sistance de l&rsquo;adh\u00e9sif aux rayons UV.<\/li>\n<li><strong>RUBAN POLYPROPYL\u00c8NE HOTMELT<\/strong><br \/>\nRuban d&#8217;emballage de poids moyen avec une forte adh\u00e9rence initiale.<\/li>\n<li><strong>RUBAN EN POLYPROPYL\u00c8NE SOLVANT<\/strong><br \/>\nExcellente r\u00e9sistance aux basses et hautes temp\u00e9ratures et donc adapt\u00e9 pour le conditionnement de produits surgel\u00e9s ou des produits qui doivent passer dans des fours de r\u00e9traction thermique.<\/li>\n<li><strong>RUBAN PVC<\/strong><br \/>\nRuban adh\u00e9sif en polychlorure de vinyle adapt\u00e9 \u00e0 tous types d&#8217;emballages.<\/li>\n<li><strong>RUBAN EN PAPIER<\/strong><br \/>\nRuban adh\u00e9sif en papier pour emballages \u00e9cologiques, o\u00f9 l&rsquo;utilisation de mati\u00e8res plastiques est interdite.<\/li>\n<li><strong>RUBAN RENFORC\u00c9<\/strong><br \/>\nRuban en film polypropyl\u00e8ne renforc\u00e9 avec des fibres de verre monodirectionnelles ou transversales pour emballages lourds.<\/li>\n<\/ul>\n<\/div><\/div><\/div><\/div><\/div><\/p>\n","protected":false},"excerpt":{"rendered":"","protected":false},"author":3,"featured_media":0,"comment_status":"closed","ping_status":"closed","sticky":false,"template":"","format":"standard","meta":{"footnotes":""},"categories":[69],"tags":[],"class_list":["post-18552","post","type-post","status-publish","format-standard","hentry","category-produits"],"yoast_head":"<!-- This site is optimized with the Yoast SEO plugin v27.5 - https:\/\/yoast.com\/product\/yoast-seo-wordpress\/ -->\n<title>RUBANS ADH\u00c9SIFS POUR L&#039;EMBALLAGE - INCOMSA<\/title>\n<meta name=\"robots\" content=\"index, follow, max-snippet:-1, max-image-preview:large, max-video-preview:-1\" \/>\n<link rel=\"canonical\" href=\"https:\/\/www.incomsa.ch\/fr\/nastri-adesivi-da-rubans-adhesifs-pour-lemballage\/\" \/>\n<meta property=\"og:locale\" content=\"fr_FR\" \/>\n<meta property=\"og:type\" content=\"article\" \/>\n<meta property=\"og:title\" content=\"RUBANS ADH\u00c9SIFS POUR L&#039;EMBALLAGE - INCOMSA\" \/>\n<meta property=\"og:url\" content=\"https:\/\/www.incomsa.ch\/fr\/nastri-adesivi-da-rubans-adhesifs-pour-lemballage\/\" \/>\n<meta property=\"og:site_name\" content=\"INCOMSA\" \/>\n<meta property=\"article:published_time\" content=\"2021-02-16T17:36:23+00:00\" \/>\n<meta property=\"article:modified_time\" content=\"2023-02-28T16:01:44+00:00\" \/>\n<meta property=\"og:image\" content=\"https:\/\/www.incomsa.ch\/wp-content\/uploads\/2022\/05\/nastri-personalizzati-1.jpg\" \/>\n\t<meta property=\"og:image:width\" content=\"900\" \/>\n\t<meta property=\"og:image:height\" content=\"600\" \/>\n\t<meta property=\"og:image:type\" content=\"image\/jpeg\" \/>\n<meta name=\"author\" content=\"manuela\" \/>\n<meta name=\"twitter:card\" content=\"summary_large_image\" \/>\n<meta name=\"twitter:label1\" content=\"\u00c9crit par\" \/>\n\t<meta name=\"twitter:data1\" content=\"manuela\" \/>\n\t<meta name=\"twitter:label2\" content=\"Dur\u00e9e de lecture estim\u00e9e\" \/>\n\t<meta name=\"twitter:data2\" content=\"7 minutes\" \/>\n<script type=\"application\/ld+json\" class=\"yoast-schema-graph\">{\"@context\":\"https:\\\/\\\/schema.org\",\"@graph\":[{\"@type\":\"Article\",\"@id\":\"https:\\\/\\\/www.incomsa.ch\\\/fr\\\/nastri-adesivi-da-rubans-adhesifs-pour-lemballage\\\/#article\",\"isPartOf\":{\"@id\":\"https:\\\/\\\/www.incomsa.ch\\\/fr\\\/nastri-adesivi-da-rubans-adhesifs-pour-lemballage\\\/\"},\"author\":{\"name\":\"manuela\",\"@id\":\"https:\\\/\\\/www.incomsa.ch\\\/fr\\\/#\\\/schema\\\/person\\\/8cc6f6836d62e9dd42c54629c517f2aa\"},\"headline\":\"RUBANS ADH\u00c9SIFS POUR L&rsquo;EMBALLAGE\",\"datePublished\":\"2021-02-16T17:36:23+00:00\",\"dateModified\":\"2023-02-28T16:01:44+00:00\",\"mainEntityOfPage\":{\"@id\":\"https:\\\/\\\/www.incomsa.ch\\\/fr\\\/nastri-adesivi-da-rubans-adhesifs-pour-lemballage\\\/\"},\"wordCount\":2784,\"publisher\":{\"@id\":\"https:\\\/\\\/www.incomsa.ch\\\/fr\\\/#organization\"},\"articleSection\":[\"Produits\"],\"inLanguage\":\"fr-FR\"},{\"@type\":\"WebPage\",\"@id\":\"https:\\\/\\\/www.incomsa.ch\\\/fr\\\/nastri-adesivi-da-rubans-adhesifs-pour-lemballage\\\/\",\"url\":\"https:\\\/\\\/www.incomsa.ch\\\/fr\\\/nastri-adesivi-da-rubans-adhesifs-pour-lemballage\\\/\",\"name\":\"RUBANS ADH\u00c9SIFS POUR L'EMBALLAGE - INCOMSA\",\"isPartOf\":{\"@id\":\"https:\\\/\\\/www.incomsa.ch\\\/fr\\\/#website\"},\"datePublished\":\"2021-02-16T17:36:23+00:00\",\"dateModified\":\"2023-02-28T16:01:44+00:00\",\"breadcrumb\":{\"@id\":\"https:\\\/\\\/www.incomsa.ch\\\/fr\\\/nastri-adesivi-da-rubans-adhesifs-pour-lemballage\\\/#breadcrumb\"},\"inLanguage\":\"fr-FR\",\"potentialAction\":[{\"@type\":\"ReadAction\",\"target\":[\"https:\\\/\\\/www.incomsa.ch\\\/fr\\\/nastri-adesivi-da-rubans-adhesifs-pour-lemballage\\\/\"]}]},{\"@type\":\"BreadcrumbList\",\"@id\":\"https:\\\/\\\/www.incomsa.ch\\\/fr\\\/nastri-adesivi-da-rubans-adhesifs-pour-lemballage\\\/#breadcrumb\",\"itemListElement\":[{\"@type\":\"ListItem\",\"position\":1,\"name\":\"Home\",\"item\":\"https:\\\/\\\/www.incomsa.ch\\\/fr\\\/\"},{\"@type\":\"ListItem\",\"position\":2,\"name\":\"RUBANS ADH\u00c9SIFS POUR L&#8217;EMBALLAGE\"}]},{\"@type\":\"WebSite\",\"@id\":\"https:\\\/\\\/www.incomsa.ch\\\/fr\\\/#website\",\"url\":\"https:\\\/\\\/www.incomsa.ch\\\/fr\\\/\",\"name\":\"INCOMSA SA - Nastri adesivi, Film estensibili e Imballaggio\",\"description\":\"Nastri adesivi, Film estensibili e Imballaggio\",\"publisher\":{\"@id\":\"https:\\\/\\\/www.incomsa.ch\\\/fr\\\/#organization\"},\"alternateName\":\"Nastri adesivi, Film estensibili e Imballaggio - Svizzara\",\"potentialAction\":[{\"@type\":\"SearchAction\",\"target\":{\"@type\":\"EntryPoint\",\"urlTemplate\":\"https:\\\/\\\/www.incomsa.ch\\\/fr\\\/?s={search_term_string}\"},\"query-input\":{\"@type\":\"PropertyValueSpecification\",\"valueRequired\":true,\"valueName\":\"search_term_string\"}}],\"inLanguage\":\"fr-FR\"},{\"@type\":\"Organization\",\"@id\":\"https:\\\/\\\/www.incomsa.ch\\\/fr\\\/#organization\",\"name\":\"INCOMSA SA - Nastri adesivi, Film estensibili e Imballaggio\",\"alternateName\":\"Nastri adesivi, Film estensibili e Imballaggio - Svizzera\",\"url\":\"https:\\\/\\\/www.incomsa.ch\\\/fr\\\/\",\"logo\":{\"@type\":\"ImageObject\",\"inLanguage\":\"fr-FR\",\"@id\":\"https:\\\/\\\/www.incomsa.ch\\\/fr\\\/#\\\/schema\\\/logo\\\/image\\\/\",\"url\":\"https:\\\/\\\/www.incomsa.ch\\\/wp-content\\\/uploads\\\/2021\\\/06\\\/incomsa-logo.jpg\",\"contentUrl\":\"https:\\\/\\\/www.incomsa.ch\\\/wp-content\\\/uploads\\\/2021\\\/06\\\/incomsa-logo.jpg\",\"width\":1200,\"height\":1200,\"caption\":\"INCOMSA SA - Nastri adesivi, Film estensibili e Imballaggio\"},\"image\":{\"@id\":\"https:\\\/\\\/www.incomsa.ch\\\/fr\\\/#\\\/schema\\\/logo\\\/image\\\/\"}},{\"@type\":\"Person\",\"@id\":\"https:\\\/\\\/www.incomsa.ch\\\/fr\\\/#\\\/schema\\\/person\\\/8cc6f6836d62e9dd42c54629c517f2aa\",\"name\":\"manuela\",\"image\":{\"@type\":\"ImageObject\",\"inLanguage\":\"fr-FR\",\"@id\":\"https:\\\/\\\/secure.gravatar.com\\\/avatar\\\/b146b8c1e3aa7f02953ac4d788a8485c2cb14acafa02b4cb04ae9c1107111dc6?s=96&d=mm&r=g\",\"url\":\"https:\\\/\\\/secure.gravatar.com\\\/avatar\\\/b146b8c1e3aa7f02953ac4d788a8485c2cb14acafa02b4cb04ae9c1107111dc6?s=96&d=mm&r=g\",\"contentUrl\":\"https:\\\/\\\/secure.gravatar.com\\\/avatar\\\/b146b8c1e3aa7f02953ac4d788a8485c2cb14acafa02b4cb04ae9c1107111dc6?s=96&d=mm&r=g\",\"caption\":\"manuela\"}}]}<\/script>\n<!-- \/ Yoast SEO plugin. -->","yoast_head_json":{"title":"RUBANS ADH\u00c9SIFS POUR L'EMBALLAGE - INCOMSA","robots":{"index":"index","follow":"follow","max-snippet":"max-snippet:-1","max-image-preview":"max-image-preview:large","max-video-preview":"max-video-preview:-1"},"canonical":"https:\/\/www.incomsa.ch\/fr\/nastri-adesivi-da-rubans-adhesifs-pour-lemballage\/","og_locale":"fr_FR","og_type":"article","og_title":"RUBANS ADH\u00c9SIFS POUR L'EMBALLAGE - INCOMSA","og_url":"https:\/\/www.incomsa.ch\/fr\/nastri-adesivi-da-rubans-adhesifs-pour-lemballage\/","og_site_name":"INCOMSA","article_published_time":"2021-02-16T17:36:23+00:00","article_modified_time":"2023-02-28T16:01:44+00:00","og_image":[{"width":900,"height":600,"url":"https:\/\/www.incomsa.ch\/wp-content\/uploads\/2022\/05\/nastri-personalizzati-1.jpg","type":"image\/jpeg"}],"author":"manuela","twitter_card":"summary_large_image","twitter_misc":{"\u00c9crit par":"manuela","Dur\u00e9e de lecture estim\u00e9e":"7 minutes"},"schema":{"@context":"https:\/\/schema.org","@graph":[{"@type":"Article","@id":"https:\/\/www.incomsa.ch\/fr\/nastri-adesivi-da-rubans-adhesifs-pour-lemballage\/#article","isPartOf":{"@id":"https:\/\/www.incomsa.ch\/fr\/nastri-adesivi-da-rubans-adhesifs-pour-lemballage\/"},"author":{"name":"manuela","@id":"https:\/\/www.incomsa.ch\/fr\/#\/schema\/person\/8cc6f6836d62e9dd42c54629c517f2aa"},"headline":"RUBANS ADH\u00c9SIFS POUR L&rsquo;EMBALLAGE","datePublished":"2021-02-16T17:36:23+00:00","dateModified":"2023-02-28T16:01:44+00:00","mainEntityOfPage":{"@id":"https:\/\/www.incomsa.ch\/fr\/nastri-adesivi-da-rubans-adhesifs-pour-lemballage\/"},"wordCount":2784,"publisher":{"@id":"https:\/\/www.incomsa.ch\/fr\/#organization"},"articleSection":["Produits"],"inLanguage":"fr-FR"},{"@type":"WebPage","@id":"https:\/\/www.incomsa.ch\/fr\/nastri-adesivi-da-rubans-adhesifs-pour-lemballage\/","url":"https:\/\/www.incomsa.ch\/fr\/nastri-adesivi-da-rubans-adhesifs-pour-lemballage\/","name":"RUBANS ADH\u00c9SIFS POUR L'EMBALLAGE - INCOMSA","isPartOf":{"@id":"https:\/\/www.incomsa.ch\/fr\/#website"},"datePublished":"2021-02-16T17:36:23+00:00","dateModified":"2023-02-28T16:01:44+00:00","breadcrumb":{"@id":"https:\/\/www.incomsa.ch\/fr\/nastri-adesivi-da-rubans-adhesifs-pour-lemballage\/#breadcrumb"},"inLanguage":"fr-FR","potentialAction":[{"@type":"ReadAction","target":["https:\/\/www.incomsa.ch\/fr\/nastri-adesivi-da-rubans-adhesifs-pour-lemballage\/"]}]},{"@type":"BreadcrumbList","@id":"https:\/\/www.incomsa.ch\/fr\/nastri-adesivi-da-rubans-adhesifs-pour-lemballage\/#breadcrumb","itemListElement":[{"@type":"ListItem","position":1,"name":"Home","item":"https:\/\/www.incomsa.ch\/fr\/"},{"@type":"ListItem","position":2,"name":"RUBANS ADH\u00c9SIFS POUR L&#8217;EMBALLAGE"}]},{"@type":"WebSite","@id":"https:\/\/www.incomsa.ch\/fr\/#website","url":"https:\/\/www.incomsa.ch\/fr\/","name":"INCOMSA SA - Nastri adesivi, Film estensibili e Imballaggio","description":"Nastri adesivi, Film estensibili e Imballaggio","publisher":{"@id":"https:\/\/www.incomsa.ch\/fr\/#organization"},"alternateName":"Nastri adesivi, Film estensibili e Imballaggio - Svizzara","potentialAction":[{"@type":"SearchAction","target":{"@type":"EntryPoint","urlTemplate":"https:\/\/www.incomsa.ch\/fr\/?s={search_term_string}"},"query-input":{"@type":"PropertyValueSpecification","valueRequired":true,"valueName":"search_term_string"}}],"inLanguage":"fr-FR"},{"@type":"Organization","@id":"https:\/\/www.incomsa.ch\/fr\/#organization","name":"INCOMSA SA - Nastri adesivi, Film estensibili e Imballaggio","alternateName":"Nastri adesivi, Film estensibili e Imballaggio - Svizzera","url":"https:\/\/www.incomsa.ch\/fr\/","logo":{"@type":"ImageObject","inLanguage":"fr-FR","@id":"https:\/\/www.incomsa.ch\/fr\/#\/schema\/logo\/image\/","url":"https:\/\/www.incomsa.ch\/wp-content\/uploads\/2021\/06\/incomsa-logo.jpg","contentUrl":"https:\/\/www.incomsa.ch\/wp-content\/uploads\/2021\/06\/incomsa-logo.jpg","width":1200,"height":1200,"caption":"INCOMSA SA - Nastri adesivi, Film estensibili e Imballaggio"},"image":{"@id":"https:\/\/www.incomsa.ch\/fr\/#\/schema\/logo\/image\/"}},{"@type":"Person","@id":"https:\/\/www.incomsa.ch\/fr\/#\/schema\/person\/8cc6f6836d62e9dd42c54629c517f2aa","name":"manuela","image":{"@type":"ImageObject","inLanguage":"fr-FR","@id":"https:\/\/secure.gravatar.com\/avatar\/b146b8c1e3aa7f02953ac4d788a8485c2cb14acafa02b4cb04ae9c1107111dc6?s=96&d=mm&r=g","url":"https:\/\/secure.gravatar.com\/avatar\/b146b8c1e3aa7f02953ac4d788a8485c2cb14acafa02b4cb04ae9c1107111dc6?s=96&d=mm&r=g","contentUrl":"https:\/\/secure.gravatar.com\/avatar\/b146b8c1e3aa7f02953ac4d788a8485c2cb14acafa02b4cb04ae9c1107111dc6?s=96&d=mm&r=g","caption":"manuela"}}]}},"_links":{"self":[{"href":"https:\/\/www.incomsa.ch\/fr\/wp-json\/wp\/v2\/posts\/18552","targetHints":{"allow":["GET"]}}],"collection":[{"href":"https:\/\/www.incomsa.ch\/fr\/wp-json\/wp\/v2\/posts"}],"about":[{"href":"https:\/\/www.incomsa.ch\/fr\/wp-json\/wp\/v2\/types\/post"}],"author":[{"embeddable":true,"href":"https:\/\/www.incomsa.ch\/fr\/wp-json\/wp\/v2\/users\/3"}],"replies":[{"embeddable":true,"href":"https:\/\/www.incomsa.ch\/fr\/wp-json\/wp\/v2\/comments?post=18552"}],"version-history":[{"count":6,"href":"https:\/\/www.incomsa.ch\/fr\/wp-json\/wp\/v2\/posts\/18552\/revisions"}],"predecessor-version":[{"id":18559,"href":"https:\/\/www.incomsa.ch\/fr\/wp-json\/wp\/v2\/posts\/18552\/revisions\/18559"}],"wp:attachment":[{"href":"https:\/\/www.incomsa.ch\/fr\/wp-json\/wp\/v2\/media?parent=18552"}],"wp:term":[{"taxonomy":"category","embeddable":true,"href":"https:\/\/www.incomsa.ch\/fr\/wp-json\/wp\/v2\/categories?post=18552"},{"taxonomy":"post_tag","embeddable":true,"href":"https:\/\/www.incomsa.ch\/fr\/wp-json\/wp\/v2\/tags?post=18552"}],"curies":[{"name":"wp","href":"https:\/\/api.w.org\/{rel}","templated":true}]}}